{"id":4371,"date":"2025-09-22T10:38:03","date_gmt":"2025-09-22T08:38:03","guid":{"rendered":"https:\/\/tourdepolognewomen.pl\/?p=4371"},"modified":"2025-09-23T14:24:52","modified_gmt":"2025-09-23T12:24:52","slug":"polish-national-team-competes-at-the-world-championships-in-rwanda","status":"publish","type":"post","link":"https:\/\/tourdepolognewomen.pl\/en\/polish-national-team-competes-at-the-world-championships-in-rwanda\/","title":{"rendered":"Polish National Team Competes at the World Championships in Rwanda"},"content":{"rendered":"<p><b><span style=\"font-size: 13.0pt;\">Yesterday in Kigali, Rwanda, this year\u2019s UCI Road World Championships officially got underway. Thirteen riders will represent Poland across the elite, U23, and junior categories.<\/span><\/b><\/p>\n<p><span style=\"font-size: 13.0pt;\">The Road World Championships are one of the most important moments of the cycling season, and this year, for the first time in history, the event is being held in Africa. The host city is Kigali, Rwanda\u2019s capital, where the road races and individual time trials for elite, U23, and junior riders, as well as the mixed relay, will take place.<\/span><\/p>\n<p><span style=\"font-size: 13.0pt;\">The competition in Rwanda opened yesterday with the elite time trials, where the rainbow jerseys of world champions went to Remco Evenepoel (Belgium) and Marlen Reusser (Switzerland). In the women\u2019s race, Katarzyna Niewiadoma \u2013 the only Pole on the start line \u2013 finished in 14th place.<\/span><\/p>\n<p><span style=\"font-size: 13.0pt;\">A full week of thrilling racing still lies ahead \u2013 with Polish riders also in the mix. Alongside Katarzyna Niewiadoma, who normally competes for Canyon\/\/SRAM zondacrypto, the women\u2019s elite road race will feature Marta Lach (Team SD Worx \u2014 Protime) and Karolina Perekitko (Winspace Orange Seal), who rode aggressively last year in the 2nd Tour de Pologne Women.<\/span><\/p>\n<p><span style=\"font-size: 13.0pt;\">In the ORLEN Nations Grand Prix, Mateusz Gajdulewicz has shown strong performances on multiple occasions and will now compete in Rwanda in the U23 category. The Mazowsze Serce Polski rider finished 6th overall in this year\u2019s ORLEN General Classification of the U23\u2019s race and took 3rd on one of the stages ending at Hotel Ar\u0142am\u00f3w. Two of his teammates will also represent Poland: national champion Dawid Lewandowski and Micha\u0142 Pomorski. In the women\u2019s U23 field, Malwina Mul (MAT ATOM Deweloper Wroc\u0142aw), 9th in the 3rd Tour de Pologne Women, and Weronika W\u0105saty (KK Ziemia Dar\u0142owska) will line up.<\/span><\/p>\n<p><span style=\"font-size: 13.0pt;\">Among the juniors, Poland will be represented by Jan Jackowiak (Cannibal B Victorious \/ UKS Copernicus CCC SMS Toru\u0144), Jan Mr\u00f3z (Energy Team ASD \/ Grupa Kolarska Gliwice), Bartosz \u0141y\u017cwa (UKS Avatar Silesia Team), and Ksawery Gancarz (ALKS Stal Grudzi\u0105dz). In the junior women\u2019s category, Maria Okruci\u0144ska (Watersley Race &amp; Development Cycling Team \/ UKS Copernicus CCC SMS Toru\u0144) will compete, a rider who has won numerous stages in the Tour de Pologne Junior. Polish Cycling Federation (PZKol) decided not to send an elite men\u2019s team to Rwanda after Micha\u0142 Kwiatkowski and Rafa\u0142 Majka decided not to compete in the World Championships.<\/span><\/p>\n<p><span style=\"font-size: 13.0pt;\">The UCI Road World Championships will continue until Sunday.<\/span><\/p>\n","protected":false},"excerpt":{"rendered":"<p>Yesterday in Kigali, Rwanda, this year\u2019s UCI Road World Championships officially got underway. Thirteen riders will represent Poland across the elite, U23, and junior categories. The Road World Championships are one of the most important moments of the cycling season, and this year, for the first time in history, the event is being held in [&hellip;]<\/p>\n","protected":false},"author":2,"featured_media":4369,"comment_status":"closed","ping_status":"closed","sticky":false,"template":"","format":"standard","meta":{"footnotes":""},"categories":[16],"tags":[],"class_list":["post-4371","post","type-post","status-publish","format-standard","has-post-thumbnail","hentry","category-news-en"],"yoast_head":"<!-- This site is optimized with the Yoast SEO plugin v27.5 - https:\/\/yoast.com\/product\/yoast-seo-wordpress\/ -->\n<title>Polish National Team Competes at the World Championships in Rwanda - Tour de Pologne Women<\/title>\n<meta name=\"robots\" content=\"index, follow, max-snippet:-1, max-image-preview:large, max-video-preview:-1\" \/>\n<link rel=\"canonical\" href=\"https:\/\/tourdepolognewomen.pl\/en\/polish-national-team-competes-at-the-world-championships-in-rwanda\/\" \/>\n<meta property=\"og:locale\" content=\"en_US\" \/>\n<meta property=\"og:type\" content=\"article\" \/>\n<meta property=\"og:title\" content=\"Polish National Team Competes at the World Championships in Rwanda - Tour de Pologne Women\" \/>\n<meta property=\"og:description\" content=\"Yesterday in Kigali, Rwanda, this year\u2019s UCI Road World Championships officially got underway. Thirteen riders will represent Poland across the elite, U23, and junior categories. The Road World Championships are one of the most important moments of the cycling season, and this year, for the first time in history, the event is being held in [&hellip;]\" \/>\n<meta property=\"og:url\" content=\"https:\/\/tourdepolognewomen.pl\/en\/polish-national-team-competes-at-the-world-championships-in-rwanda\/\" \/>\n<meta property=\"og:site_name\" content=\"Tour de Pologne Women\" \/>\n<meta property=\"article:published_time\" content=\"2025-09-22T08:38:03+00:00\" \/>\n<meta property=\"article:modified_time\" content=\"2025-09-23T12:24:52+00:00\" \/>\n<meta property=\"og:image\" content=\"https:\/\/tourdepolognewomen.pl\/wp-content\/uploads\/2025\/09\/1_pg_TdPW_24_Magdalena-Sobczak-109-scaled.jpg\" \/>\n\t<meta property=\"og:image:width\" content=\"2560\" \/>\n\t<meta property=\"og:image:height\" content=\"1785\" \/>\n\t<meta property=\"og:image:type\" content=\"image\/jpeg\" \/>\n<meta name=\"author\" content=\"Press\" \/>\n<meta name=\"twitter:card\" content=\"summary_large_image\" \/>\n<meta name=\"twitter:label1\" content=\"Written by\" \/>\n\t<meta name=\"twitter:data1\" content=\"Press\" \/>\n\t<meta name=\"twitter:label2\" content=\"Est. reading time\" \/>\n\t<meta name=\"twitter:data2\" content=\"3 minutes\" \/>\n<script type=\"application\/ld+json\" class=\"yoast-schema-graph\">{\"@context\":\"https:\\\/\\\/schema.org\",\"@graph\":[{\"@type\":\"Article\",\"@id\":\"https:\\\/\\\/tourdepolognewomen.pl\\\/en\\\/polish-national-team-competes-at-the-world-championships-in-rwanda\\\/#article\",\"isPartOf\":{\"@id\":\"https:\\\/\\\/tourdepolognewomen.pl\\\/en\\\/polish-national-team-competes-at-the-world-championships-in-rwanda\\\/\"},\"author\":{\"name\":\"Press\",\"@id\":\"https:\\\/\\\/tourdepolognewomen.pl\\\/#\\\/schema\\\/person\\\/a848f5d1a9ce21d0652682bade62d342\"},\"headline\":\"Polish National Team Competes at the World Championships in Rwanda\",\"datePublished\":\"2025-09-22T08:38:03+00:00\",\"dateModified\":\"2025-09-23T12:24:52+00:00\",\"mainEntityOfPage\":{\"@id\":\"https:\\\/\\\/tourdepolognewomen.pl\\\/en\\\/polish-national-team-competes-at-the-world-championships-in-rwanda\\\/\"},\"wordCount\":421,\"publisher\":{\"@id\":\"https:\\\/\\\/tourdepolognewomen.pl\\\/#organization\"},\"image\":{\"@id\":\"https:\\\/\\\/tourdepolognewomen.pl\\\/en\\\/polish-national-team-competes-at-the-world-championships-in-rwanda\\\/#primaryimage\"},\"thumbnailUrl\":\"https:\\\/\\\/tourdepolognewomen.pl\\\/wp-content\\\/uploads\\\/2025\\\/09\\\/1_pg_TdPW_24_Magdalena-Sobczak-109-scaled.jpg\",\"articleSection\":[\"News en\"],\"inLanguage\":\"en-US\"},{\"@type\":\"WebPage\",\"@id\":\"https:\\\/\\\/tourdepolognewomen.pl\\\/en\\\/polish-national-team-competes-at-the-world-championships-in-rwanda\\\/\",\"url\":\"https:\\\/\\\/tourdepolognewomen.pl\\\/en\\\/polish-national-team-competes-at-the-world-championships-in-rwanda\\\/\",\"name\":\"Polish National Team Competes at the World Championships in Rwanda - Tour de Pologne Women\",\"isPartOf\":{\"@id\":\"https:\\\/\\\/tourdepolognewomen.pl\\\/#website\"},\"primaryImageOfPage\":{\"@id\":\"https:\\\/\\\/tourdepolognewomen.pl\\\/en\\\/polish-national-team-competes-at-the-world-championships-in-rwanda\\\/#primaryimage\"},\"image\":{\"@id\":\"https:\\\/\\\/tourdepolognewomen.pl\\\/en\\\/polish-national-team-competes-at-the-world-championships-in-rwanda\\\/#primaryimage\"},\"thumbnailUrl\":\"https:\\\/\\\/tourdepolognewomen.pl\\\/wp-content\\\/uploads\\\/2025\\\/09\\\/1_pg_TdPW_24_Magdalena-Sobczak-109-scaled.jpg\",\"datePublished\":\"2025-09-22T08:38:03+00:00\",\"dateModified\":\"2025-09-23T12:24:52+00:00\",\"breadcrumb\":{\"@id\":\"https:\\\/\\\/tourdepolognewomen.pl\\\/en\\\/polish-national-team-competes-at-the-world-championships-in-rwanda\\\/#breadcrumb\"},\"inLanguage\":\"en-US\",\"potentialAction\":[{\"@type\":\"ReadAction\",\"target\":[\"https:\\\/\\\/tourdepolognewomen.pl\\\/en\\\/polish-national-team-competes-at-the-world-championships-in-rwanda\\\/\"]}]},{\"@type\":\"ImageObject\",\"inLanguage\":\"en-US\",\"@id\":\"https:\\\/\\\/tourdepolognewomen.pl\\\/en\\\/polish-national-team-competes-at-the-world-championships-in-rwanda\\\/#primaryimage\",\"url\":\"https:\\\/\\\/tourdepolognewomen.pl\\\/wp-content\\\/uploads\\\/2025\\\/09\\\/1_pg_TdPW_24_Magdalena-Sobczak-109-scaled.jpg\",\"contentUrl\":\"https:\\\/\\\/tourdepolognewomen.pl\\\/wp-content\\\/uploads\\\/2025\\\/09\\\/1_pg_TdPW_24_Magdalena-Sobczak-109-scaled.jpg\",\"width\":2560,\"height\":1785},{\"@type\":\"BreadcrumbList\",\"@id\":\"https:\\\/\\\/tourdepolognewomen.pl\\\/en\\\/polish-national-team-competes-at-the-world-championships-in-rwanda\\\/#breadcrumb\",\"itemListElement\":[{\"@type\":\"ListItem\",\"position\":1,\"name\":\"Strona g\u0142\u00f3wna\",\"item\":\"https:\\\/\\\/tourdepolognewomen.pl\\\/en\\\/\"},{\"@type\":\"ListItem\",\"position\":2,\"name\":\"Polish National Team Competes at the World Championships in Rwanda\"}]},{\"@type\":\"WebSite\",\"@id\":\"https:\\\/\\\/tourdepolognewomen.pl\\\/#website\",\"url\":\"https:\\\/\\\/tourdepolognewomen.pl\\\/\",\"name\":\"Tour de Pologne Women\",\"description\":\"\",\"publisher\":{\"@id\":\"https:\\\/\\\/tourdepolognewomen.pl\\\/#organization\"},\"potentialAction\":[{\"@type\":\"SearchAction\",\"target\":{\"@type\":\"EntryPoint\",\"urlTemplate\":\"https:\\\/\\\/tourdepolognewomen.pl\\\/?s={search_term_string}\"},\"query-input\":{\"@type\":\"PropertyValueSpecification\",\"valueRequired\":true,\"valueName\":\"search_term_string\"}}],\"inLanguage\":\"en-US\"},{\"@type\":\"Organization\",\"@id\":\"https:\\\/\\\/tourdepolognewomen.pl\\\/#organization\",\"name\":\"Tour de Pologne Women\",\"url\":\"https:\\\/\\\/tourdepolognewomen.pl\\\/\",\"logo\":{\"@type\":\"ImageObject\",\"inLanguage\":\"en-US\",\"@id\":\"https:\\\/\\\/tourdepolognewomen.pl\\\/#\\\/schema\\\/logo\\\/image\\\/\",\"url\":\"https:\\\/\\\/tourdepolognewomen.pl\\\/wp-content\\\/uploads\\\/2024\\\/02\\\/logo-2026.png\",\"contentUrl\":\"https:\\\/\\\/tourdepolognewomen.pl\\\/wp-content\\\/uploads\\\/2024\\\/02\\\/logo-2026.png\",\"width\":700,\"height\":124,\"caption\":\"Tour de Pologne Women\"},\"image\":{\"@id\":\"https:\\\/\\\/tourdepolognewomen.pl\\\/#\\\/schema\\\/logo\\\/image\\\/\"}},{\"@type\":\"Person\",\"@id\":\"https:\\\/\\\/tourdepolognewomen.pl\\\/#\\\/schema\\\/person\\\/a848f5d1a9ce21d0652682bade62d342\",\"name\":\"Press\",\"image\":{\"@type\":\"ImageObject\",\"inLanguage\":\"en-US\",\"@id\":\"https:\\\/\\\/secure.gravatar.com\\\/avatar\\\/df62f2f515b6857a7626e7d733ea81e452163a8e46d8c1787c083c5dd0ee42df?s=96&d=mm&r=g\",\"url\":\"https:\\\/\\\/secure.gravatar.com\\\/avatar\\\/df62f2f515b6857a7626e7d733ea81e452163a8e46d8c1787c083c5dd0ee42df?s=96&d=mm&r=g\",\"contentUrl\":\"https:\\\/\\\/secure.gravatar.com\\\/avatar\\\/df62f2f515b6857a7626e7d733ea81e452163a8e46d8c1787c083c5dd0ee42df?s=96&d=mm&r=g\",\"caption\":\"Press\"},\"url\":\"https:\\\/\\\/tourdepolognewomen.pl\\\/en\\\/author\\\/press\\\/\"}]}<\/script>\n<!-- \/ Yoast SEO plugin. -->","yoast_head_json":{"title":"Polish National Team Competes at the World Championships in Rwanda - Tour de Pologne Women","robots":{"index":"index","follow":"follow","max-snippet":"max-snippet:-1","max-image-preview":"max-image-preview:large","max-video-preview":"max-video-preview:-1"},"canonical":"https:\/\/tourdepolognewomen.pl\/en\/polish-national-team-competes-at-the-world-championships-in-rwanda\/","og_locale":"en_US","og_type":"article","og_title":"Polish National Team Competes at the World Championships in Rwanda - Tour de Pologne Women","og_description":"Yesterday in Kigali, Rwanda, this year\u2019s UCI Road World Championships officially got underway. Thirteen riders will represent Poland across the elite, U23, and junior categories. The Road World Championships are one of the most important moments of the cycling season, and this year, for the first time in history, the event is being held in [&hellip;]","og_url":"https:\/\/tourdepolognewomen.pl\/en\/polish-national-team-competes-at-the-world-championships-in-rwanda\/","og_site_name":"Tour de Pologne Women","article_published_time":"2025-09-22T08:38:03+00:00","article_modified_time":"2025-09-23T12:24:52+00:00","og_image":[{"width":2560,"height":1785,"url":"https:\/\/tourdepolognewomen.pl\/wp-content\/uploads\/2025\/09\/1_pg_TdPW_24_Magdalena-Sobczak-109-scaled.jpg","type":"image\/jpeg"}],"author":"Press","twitter_card":"summary_large_image","twitter_misc":{"Written by":"Press","Est. reading time":"3 minutes"},"schema":{"@context":"https:\/\/schema.org","@graph":[{"@type":"Article","@id":"https:\/\/tourdepolognewomen.pl\/en\/polish-national-team-competes-at-the-world-championships-in-rwanda\/#article","isPartOf":{"@id":"https:\/\/tourdepolognewomen.pl\/en\/polish-national-team-competes-at-the-world-championships-in-rwanda\/"},"author":{"name":"Press","@id":"https:\/\/tourdepolognewomen.pl\/#\/schema\/person\/a848f5d1a9ce21d0652682bade62d342"},"headline":"Polish National Team Competes at the World Championships in Rwanda","datePublished":"2025-09-22T08:38:03+00:00","dateModified":"2025-09-23T12:24:52+00:00","mainEntityOfPage":{"@id":"https:\/\/tourdepolognewomen.pl\/en\/polish-national-team-competes-at-the-world-championships-in-rwanda\/"},"wordCount":421,"publisher":{"@id":"https:\/\/tourdepolognewomen.pl\/#organization"},"image":{"@id":"https:\/\/tourdepolognewomen.pl\/en\/polish-national-team-competes-at-the-world-championships-in-rwanda\/#primaryimage"},"thumbnailUrl":"https:\/\/tourdepolognewomen.pl\/wp-content\/uploads\/2025\/09\/1_pg_TdPW_24_Magdalena-Sobczak-109-scaled.jpg","articleSection":["News en"],"inLanguage":"en-US"},{"@type":"WebPage","@id":"https:\/\/tourdepolognewomen.pl\/en\/polish-national-team-competes-at-the-world-championships-in-rwanda\/","url":"https:\/\/tourdepolognewomen.pl\/en\/polish-national-team-competes-at-the-world-championships-in-rwanda\/","name":"Polish National Team Competes at the World Championships in Rwanda - Tour de Pologne Women","isPartOf":{"@id":"https:\/\/tourdepolognewomen.pl\/#website"},"primaryImageOfPage":{"@id":"https:\/\/tourdepolognewomen.pl\/en\/polish-national-team-competes-at-the-world-championships-in-rwanda\/#primaryimage"},"image":{"@id":"https:\/\/tourdepolognewomen.pl\/en\/polish-national-team-competes-at-the-world-championships-in-rwanda\/#primaryimage"},"thumbnailUrl":"https:\/\/tourdepolognewomen.pl\/wp-content\/uploads\/2025\/09\/1_pg_TdPW_24_Magdalena-Sobczak-109-scaled.jpg","datePublished":"2025-09-22T08:38:03+00:00","dateModified":"2025-09-23T12:24:52+00:00","breadcrumb":{"@id":"https:\/\/tourdepolognewomen.pl\/en\/polish-national-team-competes-at-the-world-championships-in-rwanda\/#breadcrumb"},"inLanguage":"en-US","potentialAction":[{"@type":"ReadAction","target":["https:\/\/tourdepolognewomen.pl\/en\/polish-national-team-competes-at-the-world-championships-in-rwanda\/"]}]},{"@type":"ImageObject","inLanguage":"en-US","@id":"https:\/\/tourdepolognewomen.pl\/en\/polish-national-team-competes-at-the-world-championships-in-rwanda\/#primaryimage","url":"https:\/\/tourdepolognewomen.pl\/wp-content\/uploads\/2025\/09\/1_pg_TdPW_24_Magdalena-Sobczak-109-scaled.jpg","contentUrl":"https:\/\/tourdepolognewomen.pl\/wp-content\/uploads\/2025\/09\/1_pg_TdPW_24_Magdalena-Sobczak-109-scaled.jpg","width":2560,"height":1785},{"@type":"BreadcrumbList","@id":"https:\/\/tourdepolognewomen.pl\/en\/polish-national-team-competes-at-the-world-championships-in-rwanda\/#breadcrumb","itemListElement":[{"@type":"ListItem","position":1,"name":"Strona g\u0142\u00f3wna","item":"https:\/\/tourdepolognewomen.pl\/en\/"},{"@type":"ListItem","position":2,"name":"Polish National Team Competes at the World Championships in Rwanda"}]},{"@type":"WebSite","@id":"https:\/\/tourdepolognewomen.pl\/#website","url":"https:\/\/tourdepolognewomen.pl\/","name":"Tour de Pologne Women","description":"","publisher":{"@id":"https:\/\/tourdepolognewomen.pl\/#organization"},"potentialAction":[{"@type":"SearchAction","target":{"@type":"EntryPoint","urlTemplate":"https:\/\/tourdepolognewomen.pl\/?s={search_term_string}"},"query-input":{"@type":"PropertyValueSpecification","valueRequired":true,"valueName":"search_term_string"}}],"inLanguage":"en-US"},{"@type":"Organization","@id":"https:\/\/tourdepolognewomen.pl\/#organization","name":"Tour de Pologne Women","url":"https:\/\/tourdepolognewomen.pl\/","logo":{"@type":"ImageObject","inLanguage":"en-US","@id":"https:\/\/tourdepolognewomen.pl\/#\/schema\/logo\/image\/","url":"https:\/\/tourdepolognewomen.pl\/wp-content\/uploads\/2024\/02\/logo-2026.png","contentUrl":"https:\/\/tourdepolognewomen.pl\/wp-content\/uploads\/2024\/02\/logo-2026.png","width":700,"height":124,"caption":"Tour de Pologne Women"},"image":{"@id":"https:\/\/tourdepolognewomen.pl\/#\/schema\/logo\/image\/"}},{"@type":"Person","@id":"https:\/\/tourdepolognewomen.pl\/#\/schema\/person\/a848f5d1a9ce21d0652682bade62d342","name":"Press","image":{"@type":"ImageObject","inLanguage":"en-US","@id":"https:\/\/secure.gravatar.com\/avatar\/df62f2f515b6857a7626e7d733ea81e452163a8e46d8c1787c083c5dd0ee42df?s=96&d=mm&r=g","url":"https:\/\/secure.gravatar.com\/avatar\/df62f2f515b6857a7626e7d733ea81e452163a8e46d8c1787c083c5dd0ee42df?s=96&d=mm&r=g","contentUrl":"https:\/\/secure.gravatar.com\/avatar\/df62f2f515b6857a7626e7d733ea81e452163a8e46d8c1787c083c5dd0ee42df?s=96&d=mm&r=g","caption":"Press"},"url":"https:\/\/tourdepolognewomen.pl\/en\/author\/press\/"}]}},"_links":{"self":[{"href":"https:\/\/tourdepolognewomen.pl\/en\/wp-json\/wp\/v2\/posts\/4371","targetHints":{"allow":["GET"]}}],"collection":[{"href":"https:\/\/tourdepolognewomen.pl\/en\/wp-json\/wp\/v2\/posts"}],"about":[{"href":"https:\/\/tourdepolognewomen.pl\/en\/wp-json\/wp\/v2\/types\/post"}],"author":[{"embeddable":true,"href":"https:\/\/tourdepolognewomen.pl\/en\/wp-json\/wp\/v2\/users\/2"}],"replies":[{"embeddable":true,"href":"https:\/\/tourdepolognewomen.pl\/en\/wp-json\/wp\/v2\/comments?post=4371"}],"version-history":[{"count":1,"href":"https:\/\/tourdepolognewomen.pl\/en\/wp-json\/wp\/v2\/posts\/4371\/revisions"}],"predecessor-version":[{"id":4372,"href":"https:\/\/tourdepolognewomen.pl\/en\/wp-json\/wp\/v2\/posts\/4371\/revisions\/4372"}],"wp:featuredmedia":[{"embeddable":true,"href":"https:\/\/tourdepolognewomen.pl\/en\/wp-json\/wp\/v2\/media\/4369"}],"wp:attachment":[{"href":"https:\/\/tourdepolognewomen.pl\/en\/wp-json\/wp\/v2\/media?parent=4371"}],"wp:term":[{"taxonomy":"category","embeddable":true,"href":"https:\/\/tourdepolognewomen.pl\/en\/wp-json\/wp\/v2\/categories?post=4371"},{"taxonomy":"post_tag","embeddable":true,"href":"https:\/\/tourdepolognewomen.pl\/en\/wp-json\/wp\/v2\/tags?post=4371"}],"curies":[{"name":"wp","href":"https:\/\/api.w.org\/{rel}","templated":true}]}}